{"id":40,"date":"2013-12-18T14:12:23","date_gmt":"2013-12-18T13:12:23","guid":{"rendered":"http:\/\/www.economistes-arabes.org\/fr\/?p=40"},"modified":"2014-06-17T19:05:42","modified_gmt":"2014-06-17T18:05:42","slug":"tunisie-3-ans-apres-quelle-situation-sociale-et-economique","status":"publish","type":"post","link":"https:\/\/www.economistes-arabes.org\/fr\/tunisie-3-ans-apres-quelle-situation-sociale-et-economique\/","title":{"rendered":"Tunisie : 3 ans apr\u00e8s, quelle situation sociale et \u00e9conomique ?"},"content":{"rendered":"<p>18 D\u00e9cembre 2013<br \/>\nTunisie : 3 ans apr\u00e8s, quelle situation sociale et \u00e9conomique ? Conf\u00e9rence organis\u00e9e par l\u2019IREMMO et le Cercle des \u00e9conomistes arabes avec la participation de Mohamed Ali Marouani et H\u00e9la Yousfi.<br \/>\n<a class=\"style_10\" style=\"font-style: italic; color: #7d8389;\" title=\"Nos_conferences.html\" href=\"http:\/\/www.iremmo.org\/spip\/spip.php?article395\">Cliquer ici pour plus d\u2019informations.<\/a><\/p>\n<!-- Facebook Page Plugin by Medust: http:\/\/medust.com -->\r\n\t\t<div class=\"fb-recommendations-bar\" data-href=\"https:\/\/www.economistes-arabes.org\/fr\/tunisie-3-ans-apres-quelle-situation-sociale-et-economique\/\" data-read-time=\"5\" data-side=\"\" data-action=\"like\"><\/div>","protected":false},"excerpt":{"rendered":"<p>18 D\u00e9cembre 2013 Tunisie : 3 ans apr\u00e8s, quelle situation sociale et \u00e9conomique ? Conf\u00e9rence organis\u00e9e par l\u2019IREMMO et le Cercle des \u00e9conomistes arabes avec la participation de Mohamed Ali Marouani et H\u00e9la Yousfi. Cliquer ici pour plus d\u2019informations.<\/p>\n","protected":false},"author":1,"featured_media":219,"comment_status":"open","ping_status":"open","sticky":false,"template":"","format":"standard","meta":{"footnotes":""},"categories":[3,7],"tags":[],"class_list":["post-40","post","type-post","status-publish","format-standard","has-post-thumbnail","hentry","category-activites-recentes","category-les-conferences-du-cercle"],"_links":{"self":[{"href":"https:\/\/www.economistes-arabes.org\/fr\/wp-json\/wp\/v2\/posts\/40","targetHints":{"allow":["GET"]}}],"collection":[{"href":"https:\/\/www.economistes-arabes.org\/fr\/wp-json\/wp\/v2\/posts"}],"about":[{"href":"https:\/\/www.economistes-arabes.org\/fr\/wp-json\/wp\/v2\/types\/post"}],"author":[{"embeddable":true,"href":"https:\/\/www.economistes-arabes.org\/fr\/wp-json\/wp\/v2\/users\/1"}],"replies":[{"embeddable":true,"href":"https:\/\/www.economistes-arabes.org\/fr\/wp-json\/wp\/v2\/comments?post=40"}],"version-history":[{"count":4,"href":"https:\/\/www.economistes-arabes.org\/fr\/wp-json\/wp\/v2\/posts\/40\/revisions"}],"predecessor-version":[{"id":220,"href":"https:\/\/www.economistes-arabes.org\/fr\/wp-json\/wp\/v2\/posts\/40\/revisions\/220"}],"wp:featuredmedia":[{"embeddable":true,"href":"https:\/\/www.economistes-arabes.org\/fr\/wp-json\/wp\/v2\/media\/219"}],"wp:attachment":[{"href":"https:\/\/www.economistes-arabes.org\/fr\/wp-json\/wp\/v2\/media?parent=40"}],"wp:term":[{"taxonomy":"category","embeddable":true,"href":"https:\/\/www.economistes-arabes.org\/fr\/wp-json\/wp\/v2\/categories?post=40"},{"taxonomy":"post_tag","embeddable":true,"href":"https:\/\/www.economistes-arabes.org\/fr\/wp-json\/wp\/v2\/tags?post=40"}],"curies":[{"name":"wp","href":"https:\/\/api.w.org\/{rel}","templated":true}]}}