{"id":44,"date":"2013-10-22T14:16:36","date_gmt":"2013-10-22T13:16:36","guid":{"rendered":"http:\/\/www.economistes-arabes.org\/fr\/?p=44"},"modified":"2014-05-29T11:23:36","modified_gmt":"2014-05-29T10:23:36","slug":"relations-entre-leurope-et-la-mediterranee-quel-est-limpact-des-revolutions-arabes","status":"publish","type":"post","link":"https:\/\/www.economistes-arabes.org\/fr\/relations-entre-leurope-et-la-mediterranee-quel-est-limpact-des-revolutions-arabes\/","title":{"rendered":"\u00ab Relations entre l&rsquo;Europe et la M\u00e9diterran\u00e9e : quel est l&rsquo;impact des R\u00e9volutions arabes ? \u00bb"},"content":{"rendered":"<p>22 Octobre 2013<br \/>\nParticipation de Mohamed Ali Marouani \u00e0 la table ronde organis\u00e9e \u00e0 l&rsquo;espace Ouest-France sur le th\u00e8me \u00ab Relations entre l&rsquo;Europe et la M\u00e9diterran\u00e9e : quel est l&rsquo;impact des R\u00e9volutions arabes ? \u00bb, anim\u00e9e par Yann Mens, directeur de la r\u00e9daction de la revue Alternatives internationales, avec Kalypso Nicola\u00efdis, professeure en relations internationales \u00e0 l&rsquo;universit\u00e9 d&rsquo;Oxford.<a class=\"style_10\" style=\"font-style: italic; color: #7d8389;\" title=\"Nos_conferences.html\" href=\"http:\/\/www.ouest-france.fr\/integrations-en-mediterranee-lespace-ouest-france-1647537\">Cliquer ici pour plus d\u2019informations.<\/a><\/p>\n<!-- Facebook Page Plugin by Medust: http:\/\/medust.com -->\r\n\t\t<div class=\"fb-recommendations-bar\" data-href=\"https:\/\/www.economistes-arabes.org\/fr\/relations-entre-leurope-et-la-mediterranee-quel-est-limpact-des-revolutions-arabes\/\" data-read-time=\"5\" data-side=\"\" data-action=\"like\"><\/div>","protected":false},"excerpt":{"rendered":"<p>22 Octobre 2013 Participation de Mohamed Ali Marouani \u00e0 la table ronde organis\u00e9e \u00e0 l&rsquo;espace Ouest-France sur le th\u00e8me \u00ab Relations entre l&rsquo;Europe et la M\u00e9diterran\u00e9e : quel est l&rsquo;impact des R\u00e9volutions arabes ? \u00bb, anim\u00e9e par Yann Mens, directeur<a class=\"more-link\" href=\"https:\/\/www.economistes-arabes.org\/fr\/relations-entre-leurope-et-la-mediterranee-quel-est-limpact-des-revolutions-arabes\/\">Read more&#8230;<\/a><\/p>\n","protected":false},"author":1,"featured_media":0,"comment_status":"open","ping_status":"open","sticky":false,"template":"","format":"standard","meta":{"footnotes":""},"categories":[3],"tags":[],"class_list":["post-44","post","type-post","status-publish","format-standard","hentry","category-activites-recentes"],"_links":{"self":[{"href":"https:\/\/www.economistes-arabes.org\/fr\/wp-json\/wp\/v2\/posts\/44","targetHints":{"allow":["GET"]}}],"collection":[{"href":"https:\/\/www.economistes-arabes.org\/fr\/wp-json\/wp\/v2\/posts"}],"about":[{"href":"https:\/\/www.economistes-arabes.org\/fr\/wp-json\/wp\/v2\/types\/post"}],"author":[{"embeddable":true,"href":"https:\/\/www.economistes-arabes.org\/fr\/wp-json\/wp\/v2\/users\/1"}],"replies":[{"embeddable":true,"href":"https:\/\/www.economistes-arabes.org\/fr\/wp-json\/wp\/v2\/comments?post=44"}],"version-history":[{"count":2,"href":"https:\/\/www.economistes-arabes.org\/fr\/wp-json\/wp\/v2\/posts\/44\/revisions"}],"predecessor-version":[{"id":46,"href":"https:\/\/www.economistes-arabes.org\/fr\/wp-json\/wp\/v2\/posts\/44\/revisions\/46"}],"wp:attachment":[{"href":"https:\/\/www.economistes-arabes.org\/fr\/wp-json\/wp\/v2\/media?parent=44"}],"wp:term":[{"taxonomy":"category","embeddable":true,"href":"https:\/\/www.economistes-arabes.org\/fr\/wp-json\/wp\/v2\/categories?post=44"},{"taxonomy":"post_tag","embeddable":true,"href":"https:\/\/www.economistes-arabes.org\/fr\/wp-json\/wp\/v2\/tags?post=44"}],"curies":[{"name":"wp","href":"https:\/\/api.w.org\/{rel}","templated":true}]}}