{"id":475,"date":"2013-08-01T11:07:42","date_gmt":"2013-08-01T10:07:42","guid":{"rendered":"http:\/\/www.economistes-arabes.org\/fr\/?p=475"},"modified":"2014-06-16T11:10:04","modified_gmt":"2014-06-16T10:10:04","slug":"hamouda-chekir-et-zakaria-belkhoja-et-leconomie-dans-tout-ca","status":"publish","type":"post","link":"https:\/\/www.economistes-arabes.org\/fr\/hamouda-chekir-et-zakaria-belkhoja-et-leconomie-dans-tout-ca\/","title":{"rendered":"Hamouda Chekir et Zakaria Belkhoja: Et l&rsquo;\u00e9conomie dans tout \u00e7a?"},"content":{"rendered":"<p style=\"color: #000000;\">Alors que ces derniers jours l&rsquo;attention se concentre sur la recherche d&rsquo;une voie de sortie salutaire du blocage politique, la situation \u00e9conomique de la Tunisie continue de se d\u00e9t\u00e9riorer \u00e0 grande vitesse. Le pays pourrait rapidement \u00eatre confront\u00e9 \u00e0 des probl\u00e9matiques \u00e9conomiques graves, comme la perte de cr\u00e9dibilit\u00e9 sur les march\u00e9s internationaux, mettant ainsi \u00e0 risque l&rsquo;approvisionnement en produits de premi\u00e8re n\u00e9cessit\u00e9, ou encore la difficult\u00e9 \u00e0 honorer ses engagements, dont les salaires des fonctionnaires.<\/p>\n<p style=\"color: #000000;\">Le temps o\u00f9 nous pouvions nous rassurer (et rassurer nos partenaires) gr\u00e2ce \u00e0 nos bases \u00e9conomiques solides, nos finances publiques saines et nos institutions modernes est malheureusement r\u00e9volu. Dans la situation actuelle, quel que soit le gouvernement issu de cette crise, il ne pourra survivre et r\u00e9ussir dans sa mission sans un red\u00e9marrage de l&rsquo;\u00e9conomie. La gravit\u00e9 de la situation actuelle impose des actions \u00e9conomiques fortes et imm\u00e9diates \u00e0 consid\u00e9rer lors de l&rsquo;\u00e9laboration de la strat\u00e9gie de sortie de crise.<\/p>\n<p style=\"color: #000000;\"><strong>La politique plut\u00f4t que l&rsquo;\u00e9conomie<\/strong><\/p>\n<p style=\"color: #000000;\">Depuis le 14 janvier 2011, l&rsquo;attention a essentiellement \u00e9t\u00e9 port\u00e9e sur les consid\u00e9rations politiques. Certes, celles-ci auraient pu contribuer \u00e0 la reprise \u00e9conomique si elles avaient vis\u00e9 (i) le renforcement de nos institutions \u00e0 travers la mise en place d&rsquo;une justice ind\u00e9pendante et de la justice transitionnelle; (ii) l&rsquo;enclenchement d&rsquo;une r\u00e9conciliation nationale et (iii) le maintien de la s\u00e9curit\u00e9, qui auraient d\u00e9sinhib\u00e9 l&rsquo;investissement et la reprise de l&rsquo;activit\u00e9. En r\u00e9alit\u00e9, ces consid\u00e9rations politiques n&rsquo;ont \u00e9t\u00e9 que batailles de pouvoir, tentations populistes et guerres id\u00e9ologiques, rel\u00e9guant ainsi les questions \u00e9conomiques au second plan. Ces derni\u00e8res \u00e9taient pourtant au c\u0153ur des revendications r\u00e9volutionnaires&#8230;<\/p>\n<p style=\"color: #000000;\">L&rsquo;\u00e9conomie tunisienne a r\u00e9sist\u00e9 dans un premier temps, mais elle a vite \u00e9puis\u00e9 la faible marge de man\u0153uvre dont elle jouissait au d\u00e9part et se retrouve aujourd&rsquo;hui confront\u00e9e non pas \u00e0 des questions de regain de comp\u00e9titivit\u00e9 et de mise en place d&rsquo;un plan d&rsquo;\u00e9mergence susceptible de cr\u00e9er les emplois r\u00e9pondants aux aspirations des jeunes r\u00e9volutionnaires, mais plut\u00f4t \u00e0 des pr\u00e9occupations li\u00e9es \u00e0 l&rsquo;explosion de la facture de compensation, \u00e0 une inflation galopante, \u00e0 l&rsquo;expansion de l&rsquo;\u00e9conomie parall\u00e8le ou encore \u00e0 l&rsquo;ass\u00e8chement de la balance des devises.<\/p>\n<p style=\"color: #000000;\"><strong>Recommandations<\/strong><\/p>\n<p style=\"color: #000000;\">La nouvelle structure de gouvernance, aussi transitoire qu&rsquo;elle soit, ne pourra se permettre de n\u00e9gliger ces pr\u00e9occupations. A cet effet, aux c\u00f4t\u00e9s de l&rsquo;\u00e9quipe d\u00e9di\u00e9e \u00e0 l&rsquo;organisation des deuxi\u00e8mes \u00e9lections libres qui marqueront la fin de la p\u00e9riode de transition, il est n\u00e9cessaire de mettre en place un p\u00f4le d&rsquo;experts pr\u00e9sentant une exp\u00e9rience incontest\u00e9e dans le domaine \u00e9conomique, dirig\u00e9 par une comp\u00e9tence nationale et \u00e0 l&rsquo;\u00e9cart des querelles de partis. Ce p\u00f4le serait alors capable de rassurer les entrepreneurs, les investisseurs et nos partenaires internationaux pour un red\u00e9marrage rapide de l&rsquo;appareil de production.<\/p>\n<p style=\"color: #000000;\">Cette \u00e9quipe \u00e9conomique aurait pour mission premi\u00e8re de pr\u00e9parer la voie au prochain gouvernement \u00e9lu et de lui donner les moyens de r\u00e9ussir. En plus de reprendre les chantiers prioritaires d\u00e9j\u00e0 partiellement entam\u00e9s tels que le r\u00e9\u00e9quilibrage de la caisse de compensation, le code des investissements et de la fiscalit\u00e9, elle \u00e9tablirait une feuille de route compos\u00e9e de \u00ab\u00a0quick-wins\u00a0\u00bb qui permettrait un red\u00e9marrage en confiance.<\/p>\n<p style=\"color: #000000;\">Par \u00ab\u00a0quick wins\u00a0\u00bb, nous entendons une s\u00e9rie de mesures simples, pragmatiques et efficaces, qui faciliteraient la reprise de la croissance sans pour autant n\u00e9cessiter le m\u00eame capital politique et le m\u00eame processus de gen\u00e8se que les r\u00e9formes structurelles. A titre d&rsquo;illustration, ces \u00ab\u00a0quick-wins\u00a0\u00bb pourraient comprendre la r\u00e9forme des subventions consid\u00e9rant, \u00e0 la place des programmes de transferts de cash conditionnels, une politique cibl\u00e9e de promotion des PME et des \u00ab\u00a0start-up\u00a0\u00bb productives, ainsi que la restructuration des banques publiques pour permettre une reprise de l&rsquo;activit\u00e9 de cr\u00e9dit \u00e0 l&rsquo;\u00e9conomie.<\/p>\n<p style=\"color: #000000;\"><strong>Mobiliser les acteurs n\u00e9cessaires<\/strong><\/p>\n<p style=\"color: #000000;\">Le soutien de la communaut\u00e9 internationale est aussi plus que jamais le bienvenu. Malgr\u00e9 certaines oppositions, la communaut\u00e9 internationale peut nous \u00eatre cruciale pour d\u00e9passer cette phase dans les meilleures conditions possibles. Le capital \u00ab\u00a0sympathie\u00a0\u00bb de la Tunisie doit \u00eatre utilis\u00e9 avec beaucoup d&rsquo;efficacit\u00e9 pour mettre \u00e0 disposition du prochain gouvernement des lignes de cr\u00e9dits avec peu de conditionnalit\u00e9 et un d\u00e9boursement rapide en cas d&rsquo;urgences, ainsi que des poches de liquidit\u00e9s souples mais fermes pour entamer les missions prioritaires dans ce contexte difficile. A ce titre, nul besoin de mentionner que cette \u00e9quipe de comp\u00e9tence \u00e9conomique nationale saura apporter l&rsquo;\u00e9quilibre entre le respect de la souverainet\u00e9 nationale et l&rsquo;assistance ext\u00e9rieure.<\/p>\n<p style=\"color: #000000;\">De m\u00eame, la mobilisation des milieux d&rsquo;affaires tunisiens est n\u00e9cessaire et il est urgent de se mettre d&rsquo;accord sur une formule pour les r\u00e9int\u00e9grer pleinement dans le processus de reconstruction \u00e9conomique. Nul autre acteur ne peut apporter les r\u00e9ponses soutenables aux besoins de cr\u00e9ation d&#8217;emploi et de r\u00e9allocation de l&rsquo;appareil productif vers les nouveaux horizons porteurs. Et ce sont ces deux consid\u00e9rations qui permettront \u00e0 l&rsquo;\u00e9conomie tunisienne de devenir plus inclusive et motrice d&rsquo;\u00e9galit\u00e9. Ni l&rsquo;Etat, plus que jamais essouffl\u00e9, ni les investisseurs internationaux, subissant d\u00e9j\u00e0 la crise de la zone euro, ne sont en mesure de remplacer les entrepreneurs tunisiens.<\/p>\n<p style=\"color: #000000;\">Nul ne doute que la Tunisie dispose des comp\u00e9tences n\u00e9cessaires pour assurer et r\u00e9ussir cette transition vers l&rsquo;\u00e9tablissement d&rsquo;une d\u00e9mocratie. Il reste \u00e0 esp\u00e9rer que les mobilisations actuelles feront \u00e9merger une \u00e9quipe de transition comp\u00e9tente et b\u00e2tie sur un mod\u00e8le inclusif, et \u00e0 man\u0153uvrer pour que les amis \u00ab\u00a0\u00e9clair\u00e9s\u00a0\u00bb de la Tunisie soient \u00e0 ses c\u00f4t\u00e9s pour l&rsquo;aider \u00e0 surmonter cette \u00e9tape critique. En revanche, le temps presse et nous ne disposons plus de droit \u00e0 l&rsquo;erreur.<a href=\"http:\/\/www.huffpostmaghreb.com\/hamouda-chekir\/et-leconomie-dans-tout-ca_b_3683710.html\">Article dans Huffpostmaghreb<\/a><\/p>\n<!-- Facebook Page Plugin by Medust: http:\/\/medust.com -->\r\n\t\t<div class=\"fb-recommendations-bar\" data-href=\"https:\/\/www.economistes-arabes.org\/fr\/hamouda-chekir-et-zakaria-belkhoja-et-leconomie-dans-tout-ca\/\" data-read-time=\"5\" data-side=\"\" data-action=\"like\"><\/div>","protected":false},"excerpt":{"rendered":"<p>Alors que ces derniers jours l&rsquo;attention se concentre sur la recherche d&rsquo;une voie de sortie salutaire du blocage politique, la situation \u00e9conomique de la Tunisie continue de se d\u00e9t\u00e9riorer \u00e0 grande vitesse. Le pays pourrait rapidement \u00eatre confront\u00e9 \u00e0 des<a class=\"more-link\" href=\"https:\/\/www.economistes-arabes.org\/fr\/hamouda-chekir-et-zakaria-belkhoja-et-leconomie-dans-tout-ca\/\">Read more&#8230;<\/a><\/p>\n","protected":false},"author":1,"featured_media":449,"comment_status":"open","ping_status":"open","sticky":false,"template":"","format":"chat","meta":{"footnotes":""},"categories":[3,1],"tags":[],"class_list":["post-475","post","type-post","status-publish","format-chat","has-post-thumbnail","hentry","category-activites-recentes","category-non-classe","post_format-post-format-chat"],"_links":{"self":[{"href":"https:\/\/www.economistes-arabes.org\/fr\/wp-json\/wp\/v2\/posts\/475","targetHints":{"allow":["GET"]}}],"collection":[{"href":"https:\/\/www.economistes-arabes.org\/fr\/wp-json\/wp\/v2\/posts"}],"about":[{"href":"https:\/\/www.economistes-arabes.org\/fr\/wp-json\/wp\/v2\/types\/post"}],"author":[{"embeddable":true,"href":"https:\/\/www.economistes-arabes.org\/fr\/wp-json\/wp\/v2\/users\/1"}],"replies":[{"embeddable":true,"href":"https:\/\/www.economistes-arabes.org\/fr\/wp-json\/wp\/v2\/comments?post=475"}],"version-history":[{"count":1,"href":"https:\/\/www.economistes-arabes.org\/fr\/wp-json\/wp\/v2\/posts\/475\/revisions"}],"predecessor-version":[{"id":476,"href":"https:\/\/www.economistes-arabes.org\/fr\/wp-json\/wp\/v2\/posts\/475\/revisions\/476"}],"wp:featuredmedia":[{"embeddable":true,"href":"https:\/\/www.economistes-arabes.org\/fr\/wp-json\/wp\/v2\/media\/449"}],"wp:attachment":[{"href":"https:\/\/www.economistes-arabes.org\/fr\/wp-json\/wp\/v2\/media?parent=475"}],"wp:term":[{"taxonomy":"category","embeddable":true,"href":"https:\/\/www.economistes-arabes.org\/fr\/wp-json\/wp\/v2\/categories?post=475"},{"taxonomy":"post_tag","embeddable":true,"href":"https:\/\/www.economistes-arabes.org\/fr\/wp-json\/wp\/v2\/tags?post=475"}],"curies":[{"name":"wp","href":"https:\/\/api.w.org\/{rel}","templated":true}]}}