{"id":943,"date":"2017-06-01T11:35:10","date_gmt":"2017-06-01T10:35:10","guid":{"rendered":"http:\/\/www.economistes-arabes.org\/fr\/?p=943"},"modified":"2017-06-03T11:39:44","modified_gmt":"2017-06-03T10:39:44","slug":"al-hoceima-il-y-a-tres-peu-demplois-ou-les-gens-vivotent-avec-leconomie-informelle","status":"publish","type":"post","link":"https:\/\/www.economistes-arabes.org\/fr\/al-hoceima-il-y-a-tres-peu-demplois-ou-les-gens-vivotent-avec-leconomie-informelle\/","title":{"rendered":"Al Hoceima: il y a tr\u00e8s peu d&#8217;emplois, o\u00f9 les gens vivotent avec l&rsquo;\u00e9conomie informelle"},"content":{"rendered":"<h1 style=\"color: #3e3e3e;\"><a href=\"http:\/\/www.dw.com\/fr\/maroc-la-col%C3%A8re-dal-hoceima-ne-faiblit-pas\/a-39084903\">L&rsquo;article original<\/a><\/h1>\n<h1 style=\"color: #3e3e3e;\">Maroc : la col\u00e8re d&rsquo;Al Hoceima ne faiblit pas<\/h1>\n<p class=\"intro\" style=\"color: #000000;\">Pr\u00e8s de 2.000 personnes ont \u00e0 nouveau manifest\u00e9 mercredi \u00e0 Al Hoceima pour exiger la lib\u00e9ration de Nasser Zefzafi, leader de la contestation qui dure depuis sept mois dans cette ville du Rif.<\/p>\n<div class=\"standaloneWrap\" style=\"color: #000000;\">\n<div class=\"imgTeaserL video\">\n<div class=\"mediaItem\" data-media-id=\"39084939\">\n<div class=\"teaserImg\">\n<div class=\"customPlayBtn\">\n<div class=\"playBtnImgBox\"><\/div>\n<p><span class=\"playBtnText\" style=\"font-weight: bold;\">\u00c9couter l&rsquo;audio<\/span><span class=\"right\" style=\"font-weight: bold;\">02:05<\/span><\/p>\n<\/div>\n<\/div>\n<div class=\"teaserContentWrap information\">\n<h2 style=\"color: #ffffff;\">Ecoutez le sujet de Bob Barry<\/h2>\n<\/div>\n<\/div>\n<\/div>\n<\/div>\n<div class=\"group\" style=\"color: #000000;\">\n<div class=\"longText\" style=\"color: #3e3e3e;\">\n<p>Pour comprendre ces manifestations, il faut, selon plusieurs sp\u00e9cialistes, se pencher sur l&rsquo;histoire du Rif et remonter le fil d&rsquo;un processus de marginalisation qui a d\u00e9but\u00e9 dans les\u00a0ann\u00e9es 60. \u00a0Mais la col\u00e8re qui r\u00e8gne \u00e0 Al Hoceima est aussi le fruit d&rsquo;un mouvement qui date du primtemps arabe : la peur s&rsquo;est \u00e9vapor\u00e9e de la mentalit\u00e9 de beaucoup de\u00a0Marocains, qui n&rsquo;h\u00e9sitent plus \u00e0 sortir dans la rue pour faire entendre leur voix contre l&rsquo;injustice.<\/p>\n<p>C&rsquo;est notamment l&rsquo;avis de Nizar Messari, doyen de la facult\u00e9 des sciences humaines et sociales \u00e0 l&rsquo;universit\u00e9 Al Akhawayn d&rsquo;Ifrane :<\/p>\n<p><em>\u00ab\u00a0La pauvr\u00e9t\u00e9 n&rsquo;explique pas tout mais c&rsquo;est s\u00fbr que la maginalisation aussi bien politique, sociale, qu&rsquo;\u00e9conomique du Rif explique beaucoup les \u00e9v\u00e9nements actuels. C&rsquo;est une r\u00e9gion &#8211; comme le disent les gens, qui sont all\u00e9s dans la rue ces derniers mois &#8211; qui manque d&rsquo;universit\u00e9s, o\u00f9 il y a tr\u00e8s peu d&#8217;emplois, o\u00f9 les gens vivotent avec l&rsquo;\u00e9conomie informelle bas\u00e9e sur la culture et la commercialisation du kif. C&rsquo;est une r\u00e9gion o\u00f9 la jeunesse a tr\u00e8s peu d&rsquo;options malgr\u00e9 le fait que le roi Mohamed VI a essay\u00e9 d&rsquo;investir un peu plus dans cette r\u00e9gion.\u00a0\u00bb\u00a0<\/em><\/p>\n<p><span style=\"color: #000000;\">Caract\u00e8res tremp\u00e9s<\/span><\/p>\n<div class=\"picBox\tmedium\n\n\"><a class=\"overlayLink init\" style=\"color: #0087eb;\" href=\"http:\/\/www.dw.com\/fr\/maroc-la-col%C3%A8re-dal-hoceima-ne-faiblit-pas\/a-39084903#\" rel=\"nofollow\"><img loading=\"lazy\" decoding=\"async\" title=\"Le leader du mouvement Nasser Zefzazi\" src=\"http:\/\/www.dw.com\/image\/39079658_404.jpg\" alt=\"Marokko Proteste (picture-alliance\/AP Photo\/A. Mohamed)\" width=\"340\" height=\"191\" border=\"0\" \/><\/a><\/p>\n<p style=\"color: #888888;\">Le leader du mouvement Nasser Zefzazi<\/p>\n<\/div>\n<p>Les Rifains ont la r\u00e9putation d&rsquo;\u00eatre un peuple dur et t\u00eatu. La ville d&rsquo;Al Hoce\u00efma est d&rsquo;ailleurs connue pour avoir \u00e9t\u00e9 un haut lieu des \u00ab\u00a0\u00e9meutes du pain\u00a0\u00bb en 1984. \u00a0Plus r\u00e9cemment, pendant le printemps arabe en 2011, c&rsquo;est la seule ville o\u00f9 l&rsquo;on a recens\u00e9 des morts. Sous le roi Hassan II, la r\u00e9gion avait \u00e9t\u00e9 maintenue en autarcie. Mohammed VI a quant \u00e0 lui essay\u00e9 de rompre cet isolement &#8211; mais sans grand succ\u00e8s.<\/p>\n<p>Selon Nizar Messari, l&rsquo;arrestation du leader de la contestation a produit un effet plut\u00f4t contraire. Elle a donn\u00e9 naissance \u00e0 un mouvement de solidarit\u00e9 \u00e0 travers tout le Maroc. :<\/p>\n<p><em>\u00ab\u00a0Il y a eu des tentatives de protestation aussi bien \u00e0 Rabat qu&rsquo;\u00e0 Casablanca en passant par Marrakech, Tanger, Kenitra etc. Donc c&rsquo;est un mouvement de solidarit\u00e9 contre l&rsquo;arrestation de ce leader. En revanche, je n&rsquo;ai encore entendu personne protester contre le roi. Les manifestants demandent plut\u00f4t au roi Mohamed VI d&rsquo;intervenir pour r\u00e9soudre le probl\u00e8me.\u00a0\u00bb<\/em><\/p>\n<p>Depuis le d\u00e9but de la contestation suite \u00e0 la mort de Mouhcine Fikri, un vendeur de poisson\u00a0broy\u00e9 par un camion \u00e0 ordure le 28 octobre en tentant d&#8217;emp\u00eacher la destruction de sa marchandise, au moins 25 des personnes arr\u00eat\u00e9es ont \u00e9t\u00e9 d\u00e9f\u00e9r\u00e9es devant le parquet. En attendant leurs proc\u00e8s.<\/p>\n<\/div>\n<\/div>\n<!-- Facebook Page Plugin by Medust: http:\/\/medust.com -->\r\n\t\t<div class=\"fb-recommendations-bar\" data-href=\"https:\/\/www.economistes-arabes.org\/fr\/al-hoceima-il-y-a-tres-peu-demplois-ou-les-gens-vivotent-avec-leconomie-informelle\/\" data-read-time=\"5\" data-side=\"\" data-action=\"like\"><\/div>","protected":false},"excerpt":{"rendered":"<p>L&rsquo;article original Maroc : la col\u00e8re d&rsquo;Al Hoceima ne faiblit pas Pr\u00e8s de 2.000 personnes ont \u00e0 nouveau manifest\u00e9 mercredi \u00e0 Al Hoceima pour exiger la lib\u00e9ration de Nasser Zefzafi, leader de la contestation qui dure depuis sept mois dans<a class=\"more-link\" href=\"https:\/\/www.economistes-arabes.org\/fr\/al-hoceima-il-y-a-tres-peu-demplois-ou-les-gens-vivotent-avec-leconomie-informelle\/\">Read more&#8230;<\/a><\/p>\n","protected":false},"author":1,"featured_media":946,"comment_status":"open","ping_status":"open","sticky":false,"template":"","format":"video","meta":{"footnotes":""},"categories":[20,16],"tags":[],"class_list":["post-943","post","type-post","status-publish","format-video","has-post-thumbnail","hentry","category-articles-interessants","category-economie-informelle","post_format-post-format-video"],"_links":{"self":[{"href":"https:\/\/www.economistes-arabes.org\/fr\/wp-json\/wp\/v2\/posts\/943","targetHints":{"allow":["GET"]}}],"collection":[{"href":"https:\/\/www.economistes-arabes.org\/fr\/wp-json\/wp\/v2\/posts"}],"about":[{"href":"https:\/\/www.economistes-arabes.org\/fr\/wp-json\/wp\/v2\/types\/post"}],"author":[{"embeddable":true,"href":"https:\/\/www.economistes-arabes.org\/fr\/wp-json\/wp\/v2\/users\/1"}],"replies":[{"embeddable":true,"href":"https:\/\/www.economistes-arabes.org\/fr\/wp-json\/wp\/v2\/comments?post=943"}],"version-history":[{"count":2,"href":"https:\/\/www.economistes-arabes.org\/fr\/wp-json\/wp\/v2\/posts\/943\/revisions"}],"predecessor-version":[{"id":945,"href":"https:\/\/www.economistes-arabes.org\/fr\/wp-json\/wp\/v2\/posts\/943\/revisions\/945"}],"wp:featuredmedia":[{"embeddable":true,"href":"https:\/\/www.economistes-arabes.org\/fr\/wp-json\/wp\/v2\/media\/946"}],"wp:attachment":[{"href":"https:\/\/www.economistes-arabes.org\/fr\/wp-json\/wp\/v2\/media?parent=943"}],"wp:term":[{"taxonomy":"category","embeddable":true,"href":"https:\/\/www.economistes-arabes.org\/fr\/wp-json\/wp\/v2\/categories?post=943"},{"taxonomy":"post_tag","embeddable":true,"href":"https:\/\/www.economistes-arabes.org\/fr\/wp-json\/wp\/v2\/tags?post=943"}],"curies":[{"name":"wp","href":"https:\/\/api.w.org\/{rel}","templated":true}]}}